{"id":2744,"date":"2024-11-13T12:47:44","date_gmt":"2024-11-13T12:47:44","guid":{"rendered":"https:\/\/www.adadelveneto.it\/verona\/?p=2744"},"modified":"2024-11-19T15:36:22","modified_gmt":"2024-11-19T15:36:22","slug":"il-cuore-della-stella-a-negrar-di-valpolicella-vr","status":"publish","type":"post","link":"https:\/\/www.adadelveneto.it\/verona\/2024\/11\/13\/il-cuore-della-stella-a-negrar-di-valpolicella-vr\/","title":{"rendered":"&#8220;Il cuore della Stella&#8221; a Negrar di Valpolicella (VR)"},"content":{"rendered":"<pre><span class=\"wixui-rich-text__text\"><img loading=\"lazy\" decoding=\"async\" class=\"alignnone size-full wp-image-2740\" src=\"https:\/\/www.adadelveneto.it\/verona\/wp-content\/uploads\/2024\/11\/IMG-20241111-WA0002-extr.jpg\" alt=\"\" width=\"1104\" height=\"957\" srcset=\"https:\/\/www.adadelveneto.it\/verona\/wp-content\/uploads\/2024\/11\/IMG-20241111-WA0002-extr.jpg 1104w, https:\/\/www.adadelveneto.it\/verona\/wp-content\/uploads\/2024\/11\/IMG-20241111-WA0002-extr-300x260.jpg 300w, https:\/\/www.adadelveneto.it\/verona\/wp-content\/uploads\/2024\/11\/IMG-20241111-WA0002-extr-1024x888.jpg 1024w, https:\/\/www.adadelveneto.it\/verona\/wp-content\/uploads\/2024\/11\/IMG-20241111-WA0002-extr-768x666.jpg 768w, https:\/\/www.adadelveneto.it\/verona\/wp-content\/uploads\/2024\/11\/IMG-20241111-WA0002-extr-168x146.jpg 168w, https:\/\/www.adadelveneto.it\/verona\/wp-content\/uploads\/2024\/11\/IMG-20241111-WA0002-extr-50x43.jpg 50w, https:\/\/www.adadelveneto.it\/verona\/wp-content\/uploads\/2024\/11\/IMG-20241111-WA0002-extr-87x75.jpg 87w\" sizes=\"auto, (max-width: 1104px) 100vw, 1104px\" \/><\/span><\/pre>\n<pre class=\"western\"><span style=\"font-size: large\">Nel pomeriggio del 8 novembre 2024 l'A.D.A.- Con Aps di Verona, Associazione per i Diritti degli Anziani ha fatto visita all'Associazione \u201cCuore di Stella Onlus\u201d di Mazzano di Valpolicella.<\/span>\r\n<span style=\"font-size: large\">Entrambe le Associazioni si occupano di Sociale e questo \u00e8 il binario comune che le ha fatte incontrare.<\/span>\r\n<span style=\"font-size: large\">L' A.D.A.- Con Verona fa parte dell'A.D.A. Nazionale che ha diramazioni in tutta Italia sia a livello regionale che provinciale, sorta su un'iniziativa del Sindacato UIL nel 1990 per difendere e tutelare le istanze della terza et\u00e0.<\/span>\r\n<span style=\"font-size: large\">E' un'associazione apolitica e apartitica e senza finalit\u00e0 di lucro il cui scopo sociale \u00e8 quello di promuovere il dialogo intergenerazionale oltre che a svolgere attivit\u00e0 di solidariet\u00e0 rivolta alle fasce pi\u00f9 deboli e in difficolt\u00e0 non solo degli anziani ma di tutti i cittadini.<\/span>\r\n<span style=\"font-size: large\">Le fonti di sostentamento dell'associazione derivano esclusivamente dalla raccolta del 5 X 1000 attraverso l'impegno profuso ogni anno dai volontari durante la campagna fiscale.<\/span>\r\n<span style=\"font-size: large\">Tali fondi vengo poi utilizzati devolvendoli in attivit\u00e0 di sostegno nei confronti di altre associazioni o di strutture che si occupano di sociale.<\/span><\/pre>\n<p class=\"western\" align=\"justify\"><span style=\"font-size: large\">L&#8217;Associazione \u201cCuore di Stella Onlus\u201d \u00e8 una piccola associazione a carattere locale sorta nel 2010 per iniziativa di alcuni soci e che \u00e8 impegnata nel sostegno alle persone affette da disabilit\u00e0 fisico-sensoriale grave e titolari a norma di legge di un progetto individuale di vita indipendente; essa o<\/span><span style=\"font-size: large\">pera nell&#8217;ambito della disabilit\u00e0 adulta e delle relative realt\u00e0 familiari presenti sul territorio di Negrar di Valpolicella ma l&#8217;attivit\u00e0 \u00e8 anche rivolta ai comuni limitrofi.<\/span><\/p>\n<pre class=\"western\"><span style=\"font-size: large\">Lo scopo associativo \u00e8 quello di affiancare tali persone nel loro cammino d'inserimento sociale in un percorso di crescita individuale e di autodeterminazione che li renda il pi\u00f9 autonomi possibile nell'affrontare il loro percorso di vita, condividendo e confrontandosi con le esperienze di persone che hanno le stesse problematiche.<\/span>\r\n<span style=\"font-size: large\">Queste due esperienze hanno fatto si che le strade si incontrassero e che da tale esperienza potesse nascere una collaborazione.<\/span>\r\n<span style=\"font-size: large\">Questa collaborazione si \u00e8 concretizzata quando, a seguito di un suggerimento di una nostra associata, la dirigenza dell' ADA Provinciale \u00e8 entrata in contatto con la coordinatrice dell' Onlus signora Danila Longo con la quale ha voluto manifestare l'intenzione di dare un piccolo segno tangibile a sostegno dell'attivit\u00e0 sociale di tale Associazione che svolge, non solo nella sede sociale di Mazzano di V.P., ma anche nell'appartamento di Arbizzano che con il \u201cProgetto Insieme\u201d ha avviato un programma di convivenze di persone con disabilit\u00e0 che a turni di 4 e coadiuvati da due volontarie stabili, si alternano 4 giorni alla settimane dal marted\u00ec al venerd\u00ec, nell'intento di rendersi protagonisti di un'esperienza di vita quotidiana.<\/span><\/pre>\n<pre class=\"western\"><span style=\"font-size: large\">Sentite l'esigenze manifestate dagli assistiti, l'ADA di Verona ha provveduto assecondando la scelta operata donando un deumidificatore atto a rendere pi\u00f9 asciutti e salubri i locali generalmente occupati dalle persone durante le ore dedicate alle varie attivit\u00e0.<\/span>\r\n<span style=\"font-size: large\">Nel piacevole e simpatico incontro, nel momento delle presentazioni gli appartenti l'asscociazione hanno messo in evidenze le proprie esperienze; dopo di che sono seguiti gli interventi di rito dei responsabili delle due realt\u00e0 i quali hanno messo in risalto l'importanza del contributo sociale del volontariato e l'esigenza di fare sempre pi\u00f9 rete fra le varie esperienze in maniera tale di venire incontro alle esigenze delle persone che si trovano in uno stato di difficolt\u00e0.<\/span>\r\n<span style=\"font-size: large\">Si \u00e8 passati quindi alla consegna del \u201cdeumidificatore\u201d tra le manifestazioni di gioia generale e le foto di rito.<\/span>\r\n<span style=\"font-size: large\">Ospite d'eccezione il Sindaco di Negrar di V.P. Dott. Fausto Rossignoli, a cui vanno tutti i nostri ringraziamenti, che ha espresso sincero apprezzamento all'iniziativa e plauso all'impegno e all'attivit\u00e0 di entrambe le associazioni.<\/span>\r\n<span style=\"font-size: large\">l'incontro si \u00e8 concluso con una gradevole festicciola organizzata dagli ospiti di Cuore di Stella che hanno voluto offrire la torta preparata con cura dalle proprie mani.<\/span>\r\n\r\n<span style=\"font-size: large\">Il presidente A.D.A-Con Verona<\/span>\r\n<span style=\"font-size: large\">Marco Vesentini<\/span>\r\n\r\nUn quadro completo delle loro attivit\u00e0 si pu\u00f2 trovare sul loro sito internet <a href=\"https:\/\/www.associazionecuoredellastella.com\">https:\/\/www.associazionecuoredellastella.com<\/a> e si pu\u00f2 partecipare al loro gruppo Facebook <a href=\"https:\/\/www.facebook.com\/cuore.dellastella\">https:\/\/www.facebook.com\/cuore.dellastella<\/a>.\r\n\r\n<img loading=\"lazy\" decoding=\"async\" class=\"alignnone size-full wp-image-2750\" src=\"https:\/\/www.adadelveneto.it\/verona\/wp-content\/uploads\/2024\/11\/coppia-foto.jpg\" alt=\"\" width=\"2226\" height=\"1368\" srcset=\"https:\/\/www.adadelveneto.it\/verona\/wp-content\/uploads\/2024\/11\/coppia-foto.jpg 2226w, https:\/\/www.adadelveneto.it\/verona\/wp-content\/uploads\/2024\/11\/coppia-foto-300x184.jpg 300w, https:\/\/www.adadelveneto.it\/verona\/wp-content\/uploads\/2024\/11\/coppia-foto-1024x629.jpg 1024w, https:\/\/www.adadelveneto.it\/verona\/wp-content\/uploads\/2024\/11\/coppia-foto-768x472.jpg 768w, https:\/\/www.adadelveneto.it\/verona\/wp-content\/uploads\/2024\/11\/coppia-foto-1536x944.jpg 1536w, https:\/\/www.adadelveneto.it\/verona\/wp-content\/uploads\/2024\/11\/coppia-foto-2048x1259.jpg 2048w, https:\/\/www.adadelveneto.it\/verona\/wp-content\/uploads\/2024\/11\/coppia-foto-238x146.jpg 238w, https:\/\/www.adadelveneto.it\/verona\/wp-content\/uploads\/2024\/11\/coppia-foto-50x31.jpg 50w, https:\/\/www.adadelveneto.it\/verona\/wp-content\/uploads\/2024\/11\/coppia-foto-122x75.jpg 122w\" sizes=\"auto, (max-width: 2226px) 100vw, 2226px\" \/><\/pre>\n<p>&nbsp;<\/p>\n","protected":false},"excerpt":{"rendered":"<p>Nel pomeriggio del 8 novembre 2024 l&#8217;A.D.A.- Con Aps di Verona, Associazione per i Diritti degli Anziani ha fatto visita all&#8217;Associazione \u201cCuore di Stella Onlus\u201d di<span class=\"excerpt-hellip\"> [\u2026]<\/span><\/p>\n","protected":false},"author":3,"featured_media":2740,"comment_status":"closed","ping_status":"closed","sticky":false,"template":"","format":"standard","meta":{"footnotes":""},"categories":[1],"tags":[],"class_list":["post-2744","post","type-post","status-publish","format-standard","has-post-thumbnail","hentry","category-tutto"],"_links":{"self":[{"href":"https:\/\/www.adadelveneto.it\/verona\/wp-json\/wp\/v2\/posts\/2744","targetHints":{"allow":["GET"]}}],"collection":[{"href":"https:\/\/www.adadelveneto.it\/verona\/wp-json\/wp\/v2\/posts"}],"about":[{"href":"https:\/\/www.adadelveneto.it\/verona\/wp-json\/wp\/v2\/types\/post"}],"author":[{"embeddable":true,"href":"https:\/\/www.adadelveneto.it\/verona\/wp-json\/wp\/v2\/users\/3"}],"replies":[{"embeddable":true,"href":"https:\/\/www.adadelveneto.it\/verona\/wp-json\/wp\/v2\/comments?post=2744"}],"version-history":[{"count":8,"href":"https:\/\/www.adadelveneto.it\/verona\/wp-json\/wp\/v2\/posts\/2744\/revisions"}],"predecessor-version":[{"id":2771,"href":"https:\/\/www.adadelveneto.it\/verona\/wp-json\/wp\/v2\/posts\/2744\/revisions\/2771"}],"wp:attachment":[{"href":"https:\/\/www.adadelveneto.it\/verona\/wp-json\/wp\/v2\/media?parent=2744"}],"wp:term":[{"taxonomy":"category","embeddable":true,"href":"https:\/\/www.adadelveneto.it\/verona\/wp-json\/wp\/v2\/categories?post=2744"},{"taxonomy":"post_tag","embeddable":true,"href":"https:\/\/www.adadelveneto.it\/verona\/wp-json\/wp\/v2\/tags?post=2744"}],"curies":[{"name":"wp","href":"https:\/\/api.w.org\/{rel}","templated":true}]}}