{"id":2752,"date":"2024-11-16T16:01:00","date_gmt":"2024-11-16T16:01:00","guid":{"rendered":"https:\/\/www.adadelveneto.it\/verona\/?p=2752"},"modified":"2024-11-16T16:31:05","modified_gmt":"2024-11-16T16:31:05","slug":"visita-alla-villa-romana-di-negrar-vr","status":"publish","type":"post","link":"https:\/\/www.adadelveneto.it\/verona\/2024\/11\/16\/visita-alla-villa-romana-di-negrar-vr\/","title":{"rendered":"Visita alla Villa Romana di Negrar (VR)"},"content":{"rendered":"<pre><img loading=\"lazy\" decoding=\"async\" class=\"wp-image-2763 aligncenter\" src=\"https:\/\/www.adadelveneto.it\/verona\/wp-content\/uploads\/2024\/11\/logo-ADA.jpeg\" alt=\"\" width=\"262\" height=\"117\" srcset=\"https:\/\/www.adadelveneto.it\/verona\/wp-content\/uploads\/2024\/11\/logo-ADA.jpeg 427w, https:\/\/www.adadelveneto.it\/verona\/wp-content\/uploads\/2024\/11\/logo-ADA-300x134.jpeg 300w, https:\/\/www.adadelveneto.it\/verona\/wp-content\/uploads\/2024\/11\/logo-ADA-260x116.jpeg 260w, https:\/\/www.adadelveneto.it\/verona\/wp-content\/uploads\/2024\/11\/logo-ADA-50x22.jpeg 50w, https:\/\/www.adadelveneto.it\/verona\/wp-content\/uploads\/2024\/11\/logo-ADA-150x67.jpeg 150w\" sizes=\"auto, (max-width: 262px) 100vw, 262px\" \/>\r\nUn gruppetto di 15 soci dell'A.D.A.-Con di Verona si sono dati appuntamento oggi 15 novembre 2024 alle 10,00 del mattino presso l'Azienda Agricola Benedetti in localit\u00e0 Villa a Negrar di Valpolicella.\r\nMotivo di tale appuntamento era la visita guidata agli scavi archeologici effettuati in una porzione di circa 3.000 mq.\u00a0 di\u00a0 vigneto dell'azienda dove si sapeva gi\u00e0 alla fine del 1800 dell'esistenza dei resti di una villa romana del III\/IV secolo dopo Cristo.\r\nMaggiori approfondimenti e studi sul sito erano stati effettuati da un'archeologa veronese nel 1922 che dopo averne scoperto altre porzioni le aveva anche fotografate, offrendo cos\u00ec la possibilit\u00e0 ai posteri di avere maggiori informazioni sull'entit\u00e0 e valore del sito; poi il tutto era tornato nell'oblio ed il tempo aveva fatto il resto: il sito si era nuovamente coperto di terra tanto che sopra vi era stato impiantato un pregevole vigneto.\r\nSolo pochi anni fa la Sovrintendenza ai Beni Archeologici, memore del vecchio ritrovamento e con l\u2019accordo dei proprietari aveva dato l'avvio ad una vera e propria campagna sistematica di scavi archeologici, mettendo in luce una ulteriore considerevole porzione dell'antica costruzione.\r\nNel sito sono rimaste poche vestigia della muratura perimetrale della villa, mentre sono rimasti numerosi e pregevoli pavimenti rivestiti di mosaici a testimonianza dell'importanza e della ricchezza della famiglia romana a cui apparteneva.\r\nQuesta in breve la storia!\r\n\r\nOra veniamo ai nostri giorni ed alla nostra iniziativa: eravamo attesi da un accompagnatore speciale, uno degli archeologi che si sono occupati direttamente degli scavi recenti.\r\n<em>Iuri Gavioli<\/em>, questo \u00e8 il suo nome, che ci ha condotti in un percorso agreste tra i vigneti e seguendo un sentiero segnato da entrambi i lati da due file parallele di muretti a secco molto ben conservati sino al sito, interamente protetto da una copertura di centine metalliche e teloni.\r\nQui con dovizia\u00a0 di informazioni e riferimenti storici ed architettonici ci ha spiegato l'impostazione della pianta della villa con la distinzione dei vari locali e delle pertinenze oltre a fornirci preziosi dettagli dei mosaici posti sui pavimenti.\r\nNello sviluppo del racconto storico ci ha spiegato come, alla caduta dell'Impero Romano d'Occidente, con le invasioni barbariche che ne seguirono la villa sia andata in rovina ed il sito sia stato poi riutilizzato nel Medio Evo dalle popolazioni locali\u00a0 per ricavarne abitazioni.\r\nGiunti alla fine della visita guidata ci ha raggiunto la signorina Martina Benedetti, figlia del titolare dell'azienda \"<a href=\"https:\/\/enoart.it\/cantine\/benedetti-la-villa\/\">Cantina Benedetti, la Villa<\/a>\", che ci ha condotti a visitare la cantina aziendale , qui abbiamo apprezzato le preziose ed interessanti informazioni sull'arte vitivinicola e sulla produzione dei vari tipi di vino e della loro conservazione sia in ermetici contenitori d'acciaio che nelle tradizionali e stupende botti di rovere ( nella cantina ve ne sono 130 tra botti che\u00a0 contengono 5 a 50 ettolitri di vino).\r\nAlle fine di questo percorso \u00e8 intervenuta la padrona di casa la signora Federica che oltre alle gentile ed affabile accoglienza ci ha introdotto in un apposito locale predisposto per un piacevole e gradito spuntino.\r\nLa giornata si \u00e8 conclusa con un assaggio dei vari vini prodotti dall'azienda accompagnati da salumi e formaggi e tra la soddisfazione del gruppo che ha apprezzato questa piacevole esperienza enoculturale.\r\n\r\nUn particolare ringraziamento va rivolto a <strong><em>Livia Meggiolaro<\/em><\/strong> che in primis ha avanzato la proposta di questa visita e che si \u00e8 prodigata per organizzarla al meglio.\r\n\r\n \u00a0\u00a0\u00a0\u00a0\u00a0\u00a0\u00a0\u00a0\u00a0\u00a0\u00a0\u00a0\u00a0\u00a0\u00a0\u00a0\u00a0\u00a0\u00a0\u00a0\u00a0\u00a0\u00a0\u00a0\u00a0\u00a0\u00a0\u00a0\u00a0\u00a0\u00a0\u00a0\u00a0\u00a0\u00a0\u00a0\u00a0\u00a0\u00a0\u00a0\u00a0\u00a0\u00a0\u00a0\u00a0\u00a0\u00a0\u00a0\u00a0\u00a0\u00a0\u00a0\u00a0\u00a0\u00a0\u00a0\u00a0\u00a0\u00a0\u00a0\u00a0\u00a0\u00a0\u00a0\u00a0\u00a0\u00a0\u00a0\u00a0\u00a0 Il presidente A.D.A-Con Verona\r\n \u00a0\u00a0\u00a0\u00a0\u00a0\u00a0\u00a0\u00a0\u00a0\u00a0\u00a0\u00a0\u00a0\u00a0\u00a0\u00a0\u00a0\u00a0\u00a0\u00a0\u00a0\u00a0\u00a0\u00a0\u00a0\u00a0\u00a0\u00a0\u00a0\u00a0\u00a0\u00a0\u00a0\u00a0\u00a0\u00a0\u00a0\u00a0\u00a0\u00a0\u00a0\u00a0\u00a0\u00a0\u00a0\u00a0\u00a0\u00a0\u00a0\u00a0\u00a0\u00a0\u00a0\u00a0\u00a0\u00a0\u00a0\u00a0\u00a0\u00a0\u00a0\u00a0\u00a0\u00a0\u00a0\u00a0\u00a0\u00a0\u00a0\u00a0\u00a0\u00a0\u00a0\u00a0\u00a0\u00a0\u00a0\u00a0\u00a0\u00a0\u00a0\u00a0\u00a0 \u00a0 <em>Marco Vesentini<\/em><\/pre>\n<p><img loading=\"lazy\" decoding=\"async\" class=\"alignnone size-full wp-image-2761\" src=\"https:\/\/www.adadelveneto.it\/verona\/wp-content\/uploads\/2024\/11\/tutte-le-foto-scaled.jpg\" alt=\"\" width=\"1809\" height=\"2560\" srcset=\"https:\/\/www.adadelveneto.it\/verona\/wp-content\/uploads\/2024\/11\/tutte-le-foto-scaled.jpg 1809w, https:\/\/www.adadelveneto.it\/verona\/wp-content\/uploads\/2024\/11\/tutte-le-foto-212x300.jpg 212w, https:\/\/www.adadelveneto.it\/verona\/wp-content\/uploads\/2024\/11\/tutte-le-foto-724x1024.jpg 724w, https:\/\/www.adadelveneto.it\/verona\/wp-content\/uploads\/2024\/11\/tutte-le-foto-768x1087.jpg 768w, https:\/\/www.adadelveneto.it\/verona\/wp-content\/uploads\/2024\/11\/tutte-le-foto-1085x1536.jpg 1085w, https:\/\/www.adadelveneto.it\/verona\/wp-content\/uploads\/2024\/11\/tutte-le-foto-1447x2048.jpg 1447w, https:\/\/www.adadelveneto.it\/verona\/wp-content\/uploads\/2024\/11\/tutte-le-foto-103x146.jpg 103w, https:\/\/www.adadelveneto.it\/verona\/wp-content\/uploads\/2024\/11\/tutte-le-foto-35x50.jpg 35w, https:\/\/www.adadelveneto.it\/verona\/wp-content\/uploads\/2024\/11\/tutte-le-foto-53x75.jpg 53w\" sizes=\"auto, (max-width: 1809px) 100vw, 1809px\" \/><\/p>\n<p><em>per approfondire:\u00a0<\/em><\/p>\n<p><a href=\"http:\/\/www.sbap-vr.beniculturali.it\/news\/negrar-vr-villa-romana-riscoperta-e-nuove-scoperte\">http:\/\/www.sbap-vr.beniculturali.it\/news\/negrar-vr-villa-romana-riscoperta-e-nuove-scoperte\u00a0<\/a><\/p>\n<p><a href=\"http:\/\/www.veronissima.com\/it\/villa-romana-valpolicella.html\">http:\/\/www.veronissima.com\/it\/villa-romana-valpolicella.html<\/a><\/p>\n<p><img loading=\"lazy\" decoding=\"async\" class=\"alignnone size-full wp-image-2760\" src=\"https:\/\/www.adadelveneto.it\/verona\/wp-content\/uploads\/2024\/11\/gruppo-2.jpg\" alt=\"\" width=\"2479\" height=\"1162\" srcset=\"https:\/\/www.adadelveneto.it\/verona\/wp-content\/uploads\/2024\/11\/gruppo-2.jpg 2479w, https:\/\/www.adadelveneto.it\/verona\/wp-content\/uploads\/2024\/11\/gruppo-2-300x141.jpg 300w, https:\/\/www.adadelveneto.it\/verona\/wp-content\/uploads\/2024\/11\/gruppo-2-1024x480.jpg 1024w, https:\/\/www.adadelveneto.it\/verona\/wp-content\/uploads\/2024\/11\/gruppo-2-768x360.jpg 768w, https:\/\/www.adadelveneto.it\/verona\/wp-content\/uploads\/2024\/11\/gruppo-2-1536x720.jpg 1536w, https:\/\/www.adadelveneto.it\/verona\/wp-content\/uploads\/2024\/11\/gruppo-2-2048x960.jpg 2048w, https:\/\/www.adadelveneto.it\/verona\/wp-content\/uploads\/2024\/11\/gruppo-2-260x122.jpg 260w, https:\/\/www.adadelveneto.it\/verona\/wp-content\/uploads\/2024\/11\/gruppo-2-50x23.jpg 50w, https:\/\/www.adadelveneto.it\/verona\/wp-content\/uploads\/2024\/11\/gruppo-2-150x70.jpg 150w\" sizes=\"auto, (max-width: 2479px) 100vw, 2479px\" \/><\/p>\n<p><img loading=\"lazy\" decoding=\"async\" class=\"alignnone size-full wp-image-2754\" src=\"https:\/\/www.adadelveneto.it\/verona\/wp-content\/uploads\/2024\/11\/FOTO-DI-GRUPPO.jpg\" alt=\"\" width=\"1344\" height=\"1600\" srcset=\"https:\/\/www.adadelveneto.it\/verona\/wp-content\/uploads\/2024\/11\/FOTO-DI-GRUPPO.jpg 1344w, https:\/\/www.adadelveneto.it\/verona\/wp-content\/uploads\/2024\/11\/FOTO-DI-GRUPPO-252x300.jpg 252w, https:\/\/www.adadelveneto.it\/verona\/wp-content\/uploads\/2024\/11\/FOTO-DI-GRUPPO-860x1024.jpg 860w, https:\/\/www.adadelveneto.it\/verona\/wp-content\/uploads\/2024\/11\/FOTO-DI-GRUPPO-768x914.jpg 768w, https:\/\/www.adadelveneto.it\/verona\/wp-content\/uploads\/2024\/11\/FOTO-DI-GRUPPO-1290x1536.jpg 1290w, https:\/\/www.adadelveneto.it\/verona\/wp-content\/uploads\/2024\/11\/FOTO-DI-GRUPPO-123x146.jpg 123w, https:\/\/www.adadelveneto.it\/verona\/wp-content\/uploads\/2024\/11\/FOTO-DI-GRUPPO-42x50.jpg 42w, https:\/\/www.adadelveneto.it\/verona\/wp-content\/uploads\/2024\/11\/FOTO-DI-GRUPPO-63x75.jpg 63w\" sizes=\"auto, (max-width: 1344px) 100vw, 1344px\" \/><\/p>\n","protected":false},"excerpt":{"rendered":"<p>Un gruppetto di 15 soci dell&#8217;A.D.A.-Con di Verona si sono dati appuntamento oggi 15 novembre 2024 alle 10,00 del mattino presso l&#8217;Azienda Agricola Benedetti in localit\u00e0<span class=\"excerpt-hellip\"> [\u2026]<\/span><\/p>\n","protected":false},"author":3,"featured_media":2759,"comment_status":"closed","ping_status":"closed","sticky":false,"template":"","format":"standard","meta":{"footnotes":""},"categories":[1],"tags":[],"class_list":["post-2752","post","type-post","status-publish","format-standard","has-post-thumbnail","hentry","category-tutto"],"_links":{"self":[{"href":"https:\/\/www.adadelveneto.it\/verona\/wp-json\/wp\/v2\/posts\/2752","targetHints":{"allow":["GET"]}}],"collection":[{"href":"https:\/\/www.adadelveneto.it\/verona\/wp-json\/wp\/v2\/posts"}],"about":[{"href":"https:\/\/www.adadelveneto.it\/verona\/wp-json\/wp\/v2\/types\/post"}],"author":[{"embeddable":true,"href":"https:\/\/www.adadelveneto.it\/verona\/wp-json\/wp\/v2\/users\/3"}],"replies":[{"embeddable":true,"href":"https:\/\/www.adadelveneto.it\/verona\/wp-json\/wp\/v2\/comments?post=2752"}],"version-history":[{"count":8,"href":"https:\/\/www.adadelveneto.it\/verona\/wp-json\/wp\/v2\/posts\/2752\/revisions"}],"predecessor-version":[{"id":2768,"href":"https:\/\/www.adadelveneto.it\/verona\/wp-json\/wp\/v2\/posts\/2752\/revisions\/2768"}],"wp:featuredmedia":[{"embeddable":true,"href":"https:\/\/www.adadelveneto.it\/verona\/wp-json\/wp\/v2\/media\/2759"}],"wp:attachment":[{"href":"https:\/\/www.adadelveneto.it\/verona\/wp-json\/wp\/v2\/media?parent=2752"}],"wp:term":[{"taxonomy":"category","embeddable":true,"href":"https:\/\/www.adadelveneto.it\/verona\/wp-json\/wp\/v2\/categories?post=2752"},{"taxonomy":"post_tag","embeddable":true,"href":"https:\/\/www.adadelveneto.it\/verona\/wp-json\/wp\/v2\/tags?post=2752"}],"curies":[{"name":"wp","href":"https:\/\/api.w.org\/{rel}","templated":true}]}}